{"id":3314,"date":"2018-05-31T17:23:00","date_gmt":"2018-05-31T15:23:00","guid":{"rendered":"https:\/\/cimax.sk\/lieky\/albinizmus\/"},"modified":"2022-09-12T15:43:54","modified_gmt":"2022-09-12T13:43:54","slug":"albinizmus","status":"publish","type":"post","link":"https:\/\/cimax.sk\/lieky\/albinizmus\/","title":{"rendered":"Albinizmus"},"content":{"rendered":"<p><strong>ALBINIZMUS<\/strong><br \/>\nZoznam str\u00e1nok o albinizme. <strong>\u010co je albinizmus,<\/strong> \u010dl\u00e1nky o albinizme, <strong>diskusn\u00e9 f\u00f3ra na t\u00e9mu albinizmus,<\/strong> vide\u00e1 a obr\u00e1zky o albinizme.<br \/>\nAktualizovan\u00e9: 2017<\/p>\n<p><img loading=\"lazy\" decoding=\"async\" class=\"alignnone size-full wp-image-185\" src=\"https:\/\/cimax.sk\/lieky\/wp-content\/uploads\/2020\/10\/albinizmus-banner.jpg\" alt=\"\" width=\"450\" height=\"85\" srcset=\"https:\/\/cimax.sk\/lieky\/wp-content\/uploads\/2020\/10\/albinizmus-banner.jpg 450w, https:\/\/cimax.sk\/lieky\/wp-content\/uploads\/2020\/10\/albinizmus-banner-300x57.jpg 300w\" sizes=\"auto, (max-width: 450px) 100vw, 450px\" \/><\/p>\n<p><strong>\u010co je albinizmus?<\/strong><br \/>\nAlbinizmus je farebn\u00e1 odch\u00fdlka \u017eiv\u00fdch organizmov, sp\u00f4soben\u00e1 poruchou tvorby farbiva melan\u00ednu. Charakteristick\u00fdmi znakmi \u013eud\u00ed (tzv. alb\u00ednov) je biela ko\u017ea, ktor\u00e1 sa zd\u00e1 a\u017e prieh\u013eadn\u00e1, ve\u013emi svetl\u00e9 vlasy aj ochlpenie a d\u00fahovka niekedy nie je farebn\u00e1.<\/p>\n<p>Albinizmus vo Wikip\u00e9dii<br \/>\n<a href=\"http:\/\/cs.wikipedia.org\/wiki\/Albinismus\" class=\"autohyperlink\">cs.wikipedia.org\/wiki\/Albinismus<\/a><br \/>\nAlbinizmus (de)<br \/>\n<a href=\"http:\/\/de.wikipedia.org\/wiki\/Albinismus\" class=\"autohyperlink\">de.wikipedia.org\/wiki\/Albinismus<\/a><br \/>\nAlbinizmus (en)<br \/>\n<a href=\"http:\/\/en.wikipedia.org\/wiki\/Albinism\" class=\"autohyperlink\">en.wikipedia.org\/wiki\/Albinism<\/a><\/p>\n<p><strong>\u010cl\u00e1nky o albinizme<\/strong><br \/>\nPre\u010d\u00edtajte si, \u010do je pr\u00ed\u010dinou albinizmu, ak\u00e9 s\u00fa jeho prejavy a pr\u00edznaky, typy albinizmu, koho postihuje, ak\u00e9 s\u00fa rizik\u00e1 a komplik\u00e1cie, ako sa k \u013eu\u010fom s albinizmom spr\u00e1vaj\u00fa v Tanz\u00e1nii.<\/p>\n<p>Albinizmus, popis, pr\u00edznaky, pr\u00ed\u010diny (cz)<br \/>\n<a href=\"http:\/\/nemoci.vitalion.cz\/albinismus\/\" class=\"autohyperlink\">nemoci.vitalion.cz\/albinismus\/<\/a><br \/>\n<a href=\"https:\/\/www.facebook.com\/albinismus\" class=\"autohyperlink\">www.facebook.com\/albinismus<\/a><br \/>\nAlbinizmus, vznik, prejavy, typy albinizmu, komplik\u00e1cie (cz)<br \/>\n<a href=\"http:\/\/cs.medixa.org\/nemoci\/albinismus\" class=\"autohyperlink\">cs.medixa.org\/nemoci\/albinismus<\/a><br \/>\nChoroby: Albinizmus nielen u zvierat<br \/>\n<a href=\"http:\/\/zaujimavosti.net\/zdravie\/chorobopis\/choroby-albinizmus-nie-len-u%C2%A0zvierat\/\" class=\"autohyperlink\">zaujimavosti.net\/zdravie\/chorobopis\/choroby-albini&#8230;<\/a><br \/>\nAlbinizmus je o\u010dn\u00e9 ochorenie, kedy sa nevytv\u00e1ra o\u010dn\u00fd pigment<br \/>\n<a href=\"http:\/\/www.sosovky-kontaktne.sk\/slovnik\/albinizmus.html\" class=\"autohyperlink\">www.sosovky-kontaktne.sk\/slovnik\/albinizmus.html<\/a><br \/>\nAlbinizmus patr\u00ed napriek svojej v\u00fdnimo\u010dnosti medzi nebezpe\u010dn\u00e9 poruchy (cz)<br \/>\n<a href=\"http:\/\/www.novinky.cz\/zena\/zdravi\/240909-albinismus-patri-pres-svou-vyjimecnost-mezi-nebezpecne-poruchy.html\" class=\"autohyperlink\">www.novinky.cz\/zena\/zdravi\/240909-albinismus-patri&#8230;<\/a><\/p>\n<p>Alb\u00edni zvl\u00e1dnu leto v\u010faka tit\u00e1nu (cz)<br \/>\n<a href=\"http:\/\/www.ordinace.cz\/clanek\/albini-zvladnou-leto-diky-titanu\/\" class=\"autohyperlink\">www.ordinace.cz\/clanek\/albini-zvladnou-leto-diky-t&#8230;<\/a><br \/>\nTalizmany z \u013eud\u00ed<br \/>\n<a href=\"http:\/\/www.pluska.sk\/sarm\/publicistika\/talizmany-z-ludi.html\" class=\"autohyperlink\">www.pluska.sk\/sarm\/publicistika\/talizmany-z-ludi.h&#8230;<\/a><br \/>\nNajv\u00e4\u010d\u0161ia alb\u00ednska rodina je zrejme z Indie<br \/>\n<a href=\"https:\/\/tivi.cas.sk\/video\/1208946\/v-indii-sa-urcite-neskryju-toto-je-najvacsia-rodina-albinov\/\" class=\"autohyperlink\">tivi.cas.sk\/video\/1208946\/v-indii-sa-urcite-neskry&#8230;<\/a><br \/>\n<a href=\"https:\/\/www.facebook.com\/Server.sk\" class=\"autohyperlink\">www.facebook.com\/Server.sk<\/a><br \/>\nInform\u00e1cie pre \u013eud\u00ed s albinizmom (en)<br \/>\n<a href=\"http:\/\/www.albinism.org.uk\" class=\"autohyperlink\">www.albinism.org.uk<\/a><br \/>\n<a href=\"http:\/\/www.albinism.org\" class=\"autohyperlink\">www.albinism.org<\/a><br \/>\nPort\u00e1l pre \u013eud\u00ed s albinizmom (de)<br \/>\n<a href=\"http:\/\/www.albinismus.de\" class=\"autohyperlink\">www.albinismus.de<\/a><\/p>\n<p><strong>Diskusn\u00e9 f\u00f3rum na t\u00e9mu albinizmus<\/strong><br \/>\nDiskutujte o albinizme na diskusn\u00fdch f\u00f3rach, z\u00edskajte praktick\u00e9 inform\u00e1cie od diskutuj\u00facich, polo\u017ete ot\u00e1zku o albinizme lek\u00e1rovi.<\/p>\n<p>Albinizmus<br \/>\n<a href=\"http:\/\/www.modrykonik.sk\/forum\/tema\/albinizmus-budem-vdacna-za-prakticke-informacie\/\" class=\"autohyperlink\">www.modrykonik.sk\/forum\/tema\/albinizmus-budem-vdac&#8230;<\/a><br \/>\nAk\u00e9 s\u00fa naj\u010dastej\u0161ie o\u010dn\u00e9 komplik\u00e1cie albinizmu?<br \/>\n<a href=\"http:\/\/www.zdravie.sk\/poradna\/36317\/nystagmus-albinizmus\" class=\"autohyperlink\">www.zdravie.sk\/poradna\/36317\/nystagmus-albinizmus<\/a><br \/>\nAlbinizmus a potomstvo?<br \/>\n<a href=\"http:\/\/www.livedoctor.cz\/home\/detail?id=24241\" class=\"autohyperlink\">www.livedoctor.cz\/home\/detail?id=24241<\/a><\/p>\n<p><strong>Obr\u00e1zky o albinizme<\/strong><br \/>\nPozrite si obr\u00e1zky \u013eud\u00ed postihnut\u00fdch albinizmom v dermatologickom atlase (en). Pre alb\u00ednov je typick\u00e1 biela poko\u017eka, bled\u00e9 vlasy, ru\u017eov\u00e1 d\u00fahovka bez pigmentu.<\/p>\n<p>Albinizmus<br \/>\n<a href=\"http:\/\/www.dermnet.com\/images\/Albinism\" class=\"autohyperlink\">www.dermnet.com\/images\/Albinism<\/a><br \/>\nObr\u00e1zky z Google<br \/>\n<a href=\"https:\/\/www.google.sk\/search?num=10&#038;hl=sk&#038;site=imghp&#038;tbm=isch&#038;source=hp&#038;biw=1515&#038;bih=877&#038;q=albinism&#038;oq=albinism&#038;gs_l=img.3\" class=\"autohyperlink\">www.google.sk\/search?num=10&#038;hl=sk&#038;site=i&#8230;<\/a><\/p>\n<p><strong>Vide\u00e1 o albinizme<\/strong><br \/>\nPozrite si vide\u00e1 o alb\u00ednoch. Zauj\u00edmavos\u0165ou s\u00fa \u010derno\u0161sk\u00e9 dvoj\u010dat\u00e1, z ktor\u00fdch jedno je alb\u00edn. V \u010fal\u0161om videu je report\u00e1\u017e americk\u00e9ho profesora o smutnom osude alb\u00ednov v Tanz\u00e1nii.<\/p>\n<p>Albinism: Caught Between Dark and Light (en)<br \/>\n<a href=\"http:\/\/www.youtube.com\/watch?v=i_WYW-Zrv6E\" class=\"autohyperlink\">www.youtube.com\/watch?v=i_WYW-Zrv6E<\/a><br \/>\nAlb\u00edni v Tanz\u00e1nii I. (en)<br \/>\n<a href=\"http:\/\/www.youtube.com\/watch?v=9YjjzKusVu8\" class=\"autohyperlink\">www.youtube.com\/watch?v=9YjjzKusVu8<\/a><br \/>\n\u017densk\u00fd a mu\u017esk\u00fd poh\u013ead na albinizmus (en)<br \/>\n<a href=\"http:\/\/www.youtube.com\/watch?v=xhpV8kCFJO4\" class=\"autohyperlink\">www.youtube.com\/watch?v=xhpV8kCFJO4<\/a><\/p>\n<p><strong>S\u00favisiaca t\u00e9ma<\/strong>: <a href=\"https:\/\/cimax.sk\/lieky\/kozne-choroby\"><strong>Ko\u017en\u00e9 choroby<\/strong><\/a><\/p>\n<p><strong>KATAL\u00d3G: <a href=\"http:\/\/www.cimax.sk\/lieky\/choroby\">CHOROBY<\/a><\/strong><\/p>\n","protected":false},"excerpt":{"rendered":"<p>ALBINIZMUS Zoznam str\u00e1nok o albinizme. \u010co je albinizmus, \u010dl\u00e1nky o albinizme, diskusn\u00e9 f\u00f3ra na t\u00e9mu albinizmus, vide\u00e1 a obr\u00e1zky o albinizme. Aktualizovan\u00e9: 2017 \u010co je albinizmus? Albinizmus je farebn\u00e1 odch\u00fdlka \u017eiv\u00fdch organizmov, sp\u00f4soben\u00e1 poruchou tvorby farbiva melan\u00ednu. Charakteristick\u00fdmi znakmi \u013eud\u00ed (tzv. alb\u00ednov) je biela ko\u017ea, ktor\u00e1 sa zd\u00e1 a\u017e prieh\u013eadn\u00e1,<span class=\"more-link\"><a href=\"https:\/\/cimax.sk\/lieky\/albinizmus\/\">\u010c\u00edtaj viac<\/a><\/span><\/p>\n","protected":false},"author":1,"featured_media":0,"comment_status":"closed","ping_status":"closed","sticky":false,"template":"","format":"standard","meta":{"footnotes":"","_links_to":"","_links_to_target":""},"categories":[15],"tags":[],"class_list":["entry","author-admin","post-3314","post","type-post","status-publish","format-standard","category-choroby"],"_links":{"self":[{"href":"https:\/\/cimax.sk\/lieky\/wp-json\/wp\/v2\/posts\/3314","targetHints":{"allow":["GET"]}}],"collection":[{"href":"https:\/\/cimax.sk\/lieky\/wp-json\/wp\/v2\/posts"}],"about":[{"href":"https:\/\/cimax.sk\/lieky\/wp-json\/wp\/v2\/types\/post"}],"author":[{"embeddable":true,"href":"https:\/\/cimax.sk\/lieky\/wp-json\/wp\/v2\/users\/1"}],"replies":[{"embeddable":true,"href":"https:\/\/cimax.sk\/lieky\/wp-json\/wp\/v2\/comments?post=3314"}],"version-history":[{"count":7,"href":"https:\/\/cimax.sk\/lieky\/wp-json\/wp\/v2\/posts\/3314\/revisions"}],"predecessor-version":[{"id":6171,"href":"https:\/\/cimax.sk\/lieky\/wp-json\/wp\/v2\/posts\/3314\/revisions\/6171"}],"wp:attachment":[{"href":"https:\/\/cimax.sk\/lieky\/wp-json\/wp\/v2\/media?parent=3314"}],"wp:term":[{"taxonomy":"category","embeddable":true,"href":"https:\/\/cimax.sk\/lieky\/wp-json\/wp\/v2\/categories?post=3314"},{"taxonomy":"post_tag","embeddable":true,"href":"https:\/\/cimax.sk\/lieky\/wp-json\/wp\/v2\/tags?post=3314"}],"curies":[{"name":"wp","href":"https:\/\/api.w.org\/{rel}","templated":true}]}}